{"id":7422,"date":"2026-09-02T15:41:14","date_gmt":"2026-09-02T13:41:14","guid":{"rendered":"https:\/\/www.langzeitmiete-leasing.de\/bmw-leasing\/?p=7422"},"modified":"2026-09-02T15:41:14","modified_gmt":"2026-09-02T13:41:14","slug":"330e-xdrive-touring-ab-eur-440-8-fach","status":"publish","type":"post","link":"https:\/\/www.langzeitmiete-leasing.de\/bmw-leasing\/2026\/09\/330e-xdrive-touring-ab-eur-440-8-fach\/","title":{"rendered":"330e xDrive Touring ab EUR 440 8-fach"},"content":{"rendered":"<p>BMW Jahreswagen leasen ohne Anzahlung<\/p>\n<p>BMW 330e xDrive Touring 8-fach bereift<\/p>\n<p>tansanitblau met\/Leder vernasca schwarz<br \/>\n02\/2025 km 28.450<\/p>\n<p>Anschaffungspreis in EUR \t85.760<br \/>\nLeasingsonderzahlung \t0 \u20ac<br \/>\nBereitstellungskosten   0 \u20ac<br \/>\nLaufleistung p.a. \t10.000 km<br \/>\nLaufzeit \t<strong>27<\/strong> Monate<br \/>\n\u00e0 monatliche Leasingraten <strong>439,11 \u20ac incl. Mwst. <\/strong><br \/>\nMehrkilometer Cent 12,86<br \/>\nGesamtbetrag \u20ac  \t11.855,97<\/p>\n<div><span style=\"font-size: small;\">Ein unverbindliches Leasingbeispiel der BMW Bank GmbH, Lilienthalallee 26, 80939 M\u00fcnchen; alle Preise <strong>inkl.<\/strong> MwSt.19%; Stand 09\/2026.<br \/>\nIst der Leasingnehmer Verbraucher, besteht nach Vertragsschluss ein gesetzliches Widerrufsrecht.<br \/>\nNach den Leasingbedingungen besteht die Verpflichtung, f\u00fcr das Fahrzeug eine Vollkaskoversicherung abzuschlie\u00dfen.<\/span><\/div>\n<p><strong>Ausstattung&#8230;..<\/strong><br \/>\n<!--more--><\/p>\n<p>01CB CO2 Umfang<br \/>\n01CX XtraBoost<br \/>\n01DF Abgastechnik EU6d\/e<br \/>\n01WG 18&#8220; LMR V-Speiche 780 Bicolor \/ MB<br \/>\n0230 EU-spezifische Zusatzumfaenge<br \/>\n02TB Steptronic Sport Getriebe<br \/>\n02VB Reifendruckanzeige<br \/>\n02VC Reifenpannenset<br \/>\n02XH Sport-Lenkrad<br \/>\n0302 Alarmanlage<br \/>\n0322 Komfortzugang<br \/>\n03AC Anhaengerkupplung<br \/>\n03KA Akustikverglasung<br \/>\n03MC BMW Individual Dachreling Hochglanz \u2026<br \/>\n0402 Panorama-Glasdach<br \/>\n0417 Sonnenschutzrollo fuer hintere T\u00fcrseiten\u2026<br \/>\n0420 Sonnenschutzverglasung<br \/>\n0428 Warndreieck<br \/>\n0430 Innen- und Au\u00dfenspiegelpaket<br \/>\n0431 Innenspiegel, automatisch abblendend<br \/>\n0459 Sitzverstellung, elektrisch mit Memory<br \/>\n0481 Sportsitze fuer Fahrer und Beifahrer<br \/>\n0488 Lordosenst\u00fctze<br \/>\n0491 Lehnenbreitenverstellung f\u00fcr Fahrer<br \/>\n0493 Ablagenpaket<br \/>\n0494 Sitzheizung fuer Fahrer und Beifahrer<br \/>\n04H1 Edelholzausf\u00fchrung Esche graublau off\u2026<br \/>\n04NE Blow by-Heizer<br \/>\n04T2 Ladekabel Professional (Mode 3) f\u00fcr \u00f6ffe\u2026<br \/>\n04T3 Flexible Fast Charger (Mode 2)<br \/>\n04U0 Galvanikapplikation f\u00fcr Bedienelemente<br \/>\n04U9 Akustischer Fu\u00dfg\u00e4ngerschutz<br \/>\n04UR Ambientes Licht<br \/>\n0534 Klimaautomatik<br \/>\n0548 Kilometertacho<br \/>\n0552 Adaptiver LED-Scheinwerfer<br \/>\n05AC Fernlichtassistent<br \/>\n05AQ Active Guard Plus<br \/>\n05AS Driving Assistant<br \/>\n05DA Beifahrerairbag-Deaktivierung<br \/>\n05DC Fondkopfst\u00fctzen, klappbar<br \/>\n05DF Aktive Geschwindigkeitsregelung mit St\u2026<br \/>\n05DN Parking Assistant Plus<br \/>\n05YA Adapter E+F (CEE 7\/7) 10A<br \/>\n0654 DAB-Tuner<br \/>\n0688 Harman Kardon Surround Sound System<br \/>\n06AE Teleservices<br \/>\n06AF Gesetzlicher Notruf<br \/>\n06AK ConnectedDrive Services<br \/>\n06C4 Connected Package Professional<br \/>\n06NX Ablage f\u00fcr Wireless Charging<br \/>\n06PA Personal eSIM<br \/>\n06U3 BMW Live Cockpit Professional<br \/>\n06VB Steuerung Infotainment<br \/>\n0760 M Hochglanz Shadow Line<br \/>\n07A2 Innovationspaket II<br \/>\n07LG Comfort Paket EU<br \/>\n0801 Deutschland-Ausfuehrung<br \/>\n0851 Sprachversion Deutsch<br \/>\n0879 Deutsch \/ Bordliteratur<br \/>\n08KA \u00d6lwartungsintervall 24 Monate\/30.000 km<br \/>\n08R3 COC Zusatzumf\u00e4nge<br \/>\n08R9 K\u00e4ltemittel<br \/>\n08RE 8-fach-Bereifung<br \/>\n08TF Aktiver Fu\u00dfg\u00e4ngerschutz<br \/>\n08WD Steuerung FAS 18<br \/>\n08WM Steuerung D<\/p>\n<h5><a href=\"https:\/\/www.carbizz.de\/bmw-leasing-ohne-anzahlung\/\" target=\"_blank\" rel=\"noopener noreferrer\">BMW Leasing ohne Anzahlung<\/a>-Leasing ohne Restwertrisiko<\/h5>\n<p><strong>Erkundigen Sie sich auch nach den g\u00fcnstigen Wartungs- und Versicherungspauschalen!<\/strong><\/p>\n<p>Entspricht die Rate nicht Ihren Vorstellungen, so tragen Sie bei Preisalarm Ihre Wunschrate ein, und wir informieren Sie bei Preisanpassungen<\/p>\n<p>Es gelten drei Jahre Herstellergarantie ab Tag der Erstzulassung und zzgl. <a href=\"https:\/\/www.langzeitmiete-leasing.de\/bmw-leasing\/zweijaehrige-garantieverlaengerung\/\" target=\"_blank\" rel=\"noopener noreferrer\">zwei Jahre Garantieverl\u00e4ngerung<\/a><\/p>\n<p>reines <a href=\"https:\/\/www.langzeitmiete-leasing.de\/bmw-leasing\/kilometerleasing\/\" target=\"_blank\" rel=\"noopener noreferrer\">Kilometerleasing<\/a>!<\/p>\n<p>BMW Leasing ohne Anzahlung-attraktive Jahreswagen zu Traum Konditionen-<br \/>\nSie w\u00fcnschen eine Anzahlung-einfach in das Kontaktformular Ihren Wunschbetrag eintragen, wir senden Ihnen Ihr pers\u00f6nliches Angebot zu!<\/p>\n<p>interne Nummer: E2626<\/p>\n\n<div class=\"wpcf7 no-js\" id=\"wpcf7-f38-o1\" lang=\"de-DE\" dir=\"ltr\" data-wpcf7-id=\"38\">\n<div class=\"screen-reader-response\"><p role=\"status\" aria-live=\"polite\" aria-atomic=\"true\"><\/p> <ul><\/ul><\/div>\n<form action=\"\/bmw-leasing\/wp-json\/wp\/v2\/posts\/7422#wpcf7-f38-o1\" method=\"post\" class=\"wpcf7-form init wpcf7-acceptance-as-validation\" aria-label=\"Kontaktformular\" novalidate=\"novalidate\" data-status=\"init\">\n<fieldset class=\"hidden-fields-container\"><input type=\"hidden\" name=\"_wpcf7\" value=\"38\" \/><input type=\"hidden\" name=\"_wpcf7_version\" value=\"6.1.7\" \/><input type=\"hidden\" name=\"_wpcf7_locale\" value=\"de_DE\" \/><input type=\"hidden\" name=\"_wpcf7_unit_tag\" value=\"wpcf7-f38-o1\" \/><input type=\"hidden\" name=\"_wpcf7_container_post\" value=\"0\" \/><input type=\"hidden\" name=\"_wpcf7_posted_data_hash\" value=\"\" \/>\n<\/fieldset>\n<p><label> Ihr Name<br \/>\n<span class=\"wpcf7-form-control-wrap\" data-name=\"your-name\"><input size=\"40\" maxlength=\"400\" class=\"wpcf7-form-control wpcf7-text wpcf7-validates-as-required\" aria-required=\"true\" aria-invalid=\"false\" value=\"\" type=\"text\" name=\"your-name\" \/><\/span> <\/label>\n<\/p>\n<p><label> Ihre E-Mail-Adresse<br \/>\n<span class=\"wpcf7-form-control-wrap\" data-name=\"your-email\"><input size=\"40\" maxlength=\"400\" class=\"wpcf7-form-control wpcf7-email wpcf7-validates-as-required wpcf7-text wpcf7-validates-as-email\" aria-required=\"true\" aria-invalid=\"false\" value=\"\" type=\"email\" name=\"your-email\" \/><\/span> <\/label>\n<\/p>\n<p><label> Ihre Rufnummer<br \/>\n<span class=\"wpcf7-form-control-wrap\" data-name=\"IhreTelefonnummer\"><input size=\"40\" maxlength=\"400\" class=\"wpcf7-form-control wpcf7-text\" aria-invalid=\"false\" value=\"Festnetz\/ mobil\" type=\"text\" name=\"IhreTelefonnummer\" \/><\/span><br \/>\n<\/label><br \/>\n<label>Ihre Jahreslaufleistung<br \/>\n<span class=\"wpcf7-form-control-wrap\" data-name=\"IhreKilometerlaufleistungJahr\"><input size=\"40\" maxlength=\"400\" class=\"wpcf7-form-control wpcf7-text\" aria-invalid=\"false\" value=\"\" type=\"text\" name=\"IhreKilometerlaufleistungJahr\" \/><\/span><br \/>\n<\/label><br \/>\n<label>Ihre gew\u00fcnschte Leasingdauer<br \/>\n<span class=\"wpcf7-form-control-wrap\" data-name=\"gewnschteLaufzeit\"><input size=\"40\" maxlength=\"400\" class=\"wpcf7-form-control wpcf7-text\" aria-invalid=\"false\" value=\"24 36 oder 42 Monate\" type=\"text\" name=\"gewnschteLaufzeit\" \/><\/span><br \/>\n<\/label><br \/>\n<span class=\"wpcf7-form-control-wrap\" data-name=\"bernahme\"><input size=\"40\" maxlength=\"400\" class=\"wpcf7-form-control wpcf7-text\" aria-invalid=\"false\" value=\"Datum der \u00dcbernahme\" type=\"text\" name=\"bernahme\" \/><\/span><br \/>\n<br \/>\nPreisalarm<br \/>\n<span class=\"wpcf7-form-control-wrap\" data-name=\"Preisalarm\"><input size=\"40\" maxlength=\"400\" class=\"wpcf7-form-control wpcf7-text\" aria-invalid=\"false\" value=\"ab welcher Monatsrate duerfen wir Sie informieren\" type=\"text\" name=\"Preisalarm\" \/><\/span><br \/>\n<br \/>\n<label> Ihre Nachricht (optional)<br \/>\n<span class=\"wpcf7-form-control-wrap\" data-name=\"your-message\"><textarea cols=\"40\" rows=\"10\" maxlength=\"2000\" class=\"wpcf7-form-control wpcf7-textarea\" aria-invalid=\"false\" name=\"your-message\"><\/textarea><\/span> <\/label>\n<\/p>\n<p><span class=\"wpcf7-form-control-wrap\" data-name=\"Zustimmung\"><span class=\"wpcf7-form-control wpcf7-acceptance\"><span class=\"wpcf7-list-item\"><label><input type=\"checkbox\" name=\"Zustimmung\" value=\"1\" aria-invalid=\"false\" \/><span class=\"wpcf7-list-item-label\">(Wichtig, <b>Haken setzen<\/b>-sonst funftioniert das Formular nicht)Ich stimmen zu, dass meine Angaben aus dem Formular zur Beantwortung meiner Anfrage erhoben und verarbeitet werden. Die Daten werden f\u00fcr 10 Jahre gespeichert oder auf Wunsch gel\u00f6scht, Sie k\u00f6nnen Ihre Einwilligung jederzeit f\u00fcr die Zukunft per Mail an info@langzeitmiete-leasing.de widerrufen. Weitere Informationen finden Sie in unserer <a href=\"https:\/\/www.langzeitmiete-leasing.de\/bmw-leasing\/datenschutz\/\">Datenschutzerkl\u00e4rung<\/><\/span><\/label><\/span><\/span><\/span>\n<\/p>\n<p><input class=\"wpcf7-form-control wpcf7-submit has-spinner\" type=\"submit\" value=\"Senden\" \/>\n<\/p><input type='hidden' class='wpcf7-pum' value='{\"closepopup\":false,\"closedelay\":0,\"openpopup\":false,\"openpopup_id\":0}' \/><div class=\"wpcf7-response-output\" aria-hidden=\"true\"><\/div>\n<\/form>\n<\/div>\n\n<p>BMW Leasing ohne Anzahlung  BMW Jungwagen als <a href=\"https:\/\/www.langzeitmiete-leasing.de\/bmw-leasing\/bmw-leasing-ohne-anzahlung\/kilometerleasing\/\">Kilometerleasing<\/a> ohne Restwertrisiko mit zweij\u00e4hriger sorgloser Garantieverl\u00e4ngerung <\/p>\n","protected":false},"excerpt":{"rendered":"<p>BMW Jahreswagen leasen ohne Anzahlung BMW 330e xDrive Touring 8-fach bereift tansanitblau met\/Leder vernasca schwarz 02\/2025 km 28.450 Anschaffungspreis in EUR 85.760 Leasingsonderzahlung 0 \u20ac Bereitstellungskosten 0 \u20ac Laufleistung p.a. 10.000 km Laufzeit 27 Monate \u00e0 monatliche Leasingraten 439,11 \u20ac incl. Mwst. Mehrkilometer Cent 12,86 Gesamtbetrag \u20ac 11.855,97 Ein unverbindliches Leasingbeispiel der BMW Bank GmbH, &hellip; <a href=\"https:\/\/www.langzeitmiete-leasing.de\/bmw-leasing\/2026\/09\/330e-xdrive-touring-ab-eur-440-8-fach\/\" class=\"more-link\"><span class=\"screen-reader-text\">330e xDrive Touring ab EUR 440 8-fach<\/span> weiterlesen<\/a><\/p>\n","protected":false},"author":1,"featured_media":0,"comment_status":"closed","ping_status":"open","sticky":false,"template":"","format":"standard","meta":{"footnotes":""},"categories":[106],"tags":[20,6,8,9],"class_list":["post-7422","post","type-post","status-publish","format-standard","hentry","category-330e-3-er-touring","tag-20","tag-ahk","tag-allrad","tag-sportpaket"],"aioseo_notices":[],"aioseo_head":"\n\t\t<!-- All in One SEO 5.0.1.1 - aioseo.com -->\n\t<meta name=\"description\" content=\"BMW Jahreswagen leasen ohne Anzahlung BMW 330e xDrive Touring 8-fach bereift tansanitblau met\/Leder vernasca schwarz 02\/2025 km 28.450 Anschaffungspreis in EUR 85.760 Leasingsonderzahlung 0 \u20ac Bereitstellungskosten 0 \u20ac Laufleistung p.a. 10.000 km Laufzeit 27 Monate \u00e0 monatliche Leasingraten 439,11 \u20ac incl. Mwst. Mehrkilometer Cent 12,86 Gesamtbetrag \u20ac 11.855,97 Ein unverbindliches Leasingbeispiel der BMW Bank GmbH,\" \/>\n\t<meta name=\"robots\" content=\"max-image-preview:large\" \/>\n\t<meta name=\"author\" content=\"peuker@carbizz.de\"\/>\n\t<meta name=\"msvalidate.01\" content=\"4CF33F50597928A33689C2E3E7CBC8EA\" \/>\n\t<link rel=\"canonical\" href=\"https:\/\/www.langzeitmiete-leasing.de\/bmw-leasing\/2026\/09\/330e-xdrive-touring-ab-eur-440-8-fach\/\" \/>\n\t<meta name=\"generator\" content=\"All in One SEO (AIOSEO) 5.0.1.1\" \/>\n\t\t<meta property=\"og:locale\" content=\"de_DE\" \/>\n\t\t<meta property=\"og:site_name\" content=\"BMW Leasing ohne Anzahlung | BMW Leasing ohne Anzahlung \u2013 BMW Jahreswagen g\u00fcnstig leasen\" \/>\n\t\t<meta property=\"og:type\" content=\"article\" \/>\n\t\t<meta property=\"og:title\" content=\"330e xDrive Touring ab EUR 440 8-fach | BMW Leasing ohne Anzahlung\" \/>\n\t\t<meta property=\"og:description\" content=\"BMW Jahreswagen leasen ohne Anzahlung BMW 330e xDrive Touring 8-fach bereift tansanitblau met\/Leder vernasca schwarz 02\/2025 km 28.450 Anschaffungspreis in EUR 85.760 Leasingsonderzahlung 0 \u20ac Bereitstellungskosten 0 \u20ac Laufleistung p.a. 10.000 km Laufzeit 27 Monate \u00e0 monatliche Leasingraten 439,11 \u20ac incl. Mwst. Mehrkilometer Cent 12,86 Gesamtbetrag \u20ac 11.855,97 Ein unverbindliches Leasingbeispiel der BMW Bank GmbH,\" \/>\n\t\t<meta property=\"og:url\" content=\"https:\/\/www.langzeitmiete-leasing.de\/bmw-leasing\/2026\/09\/330e-xdrive-touring-ab-eur-440-8-fach\/\" \/>\n\t\t<meta property=\"article:published_time\" content=\"2026-09-02T13:41:14+00:00\" \/>\n\t\t<meta property=\"article:modified_time\" content=\"2026-09-02T13:41:14+00:00\" \/>\n\t\t<meta name=\"twitter:card\" content=\"summary\" \/>\n\t\t<meta name=\"twitter:title\" content=\"330e xDrive Touring ab EUR 440 8-fach | BMW Leasing ohne Anzahlung\" \/>\n\t\t<meta name=\"twitter:description\" content=\"BMW Jahreswagen leasen ohne Anzahlung BMW 330e xDrive Touring 8-fach bereift tansanitblau met\/Leder vernasca schwarz 02\/2025 km 28.450 Anschaffungspreis in EUR 85.760 Leasingsonderzahlung 0 \u20ac Bereitstellungskosten 0 \u20ac Laufleistung p.a. 10.000 km Laufzeit 27 Monate \u00e0 monatliche Leasingraten 439,11 \u20ac incl. Mwst. Mehrkilometer Cent 12,86 Gesamtbetrag \u20ac 11.855,97 Ein unverbindliches Leasingbeispiel der BMW Bank GmbH,\" \/>\n\t\t<script type=\"application\/ld+json\" class=\"aioseo-schema\">\n\t\t\t{\"@context\":\"https:\\\/\\\/schema.org\",\"@graph\":[{\"@type\":\"Article\",\"@id\":\"https:\\\/\\\/www.langzeitmiete-leasing.de\\\/bmw-leasing\\\/2026\\\/09\\\/330e-xdrive-touring-ab-eur-440-8-fach\\\/#article\",\"name\":\"330e xDrive Touring ab EUR 440 8-fach | BMW Leasing ohne Anzahlung\",\"headline\":\"330e xDrive Touring ab EUR 440 8-fach\",\"author\":{\"@id\":\"https:\\\/\\\/www.langzeitmiete-leasing.de\\\/bmw-leasing\\\/author\\\/peukercarbizz-de\\\/#author\"},\"publisher\":{\"@id\":\"https:\\\/\\\/www.langzeitmiete-leasing.de\\\/bmw-leasing\\\/#organization\"},\"image\":{\"@type\":\"ImageObject\",\"url\":\"https:\\\/\\\/www.langzeitmiete-leasing.de\\\/bmw-leasing\\\/wp-content\\\/uploads\\\/2020\\\/12\\\/logo_carb_goertz.gif\",\"@id\":\"https:\\\/\\\/www.langzeitmiete-leasing.de\\\/bmw-leasing\\\/#articleImage\",\"width\":129,\"height\":64},\"datePublished\":\"2026-09-02T15:41:14+02:00\",\"dateModified\":\"2026-09-02T15:41:14+02:00\",\"inLanguage\":\"de-DE\",\"mainEntityOfPage\":{\"@id\":\"https:\\\/\\\/www.langzeitmiete-leasing.de\\\/bmw-leasing\\\/2026\\\/09\\\/330e-xdrive-touring-ab-eur-440-8-fach\\\/#webpage\"},\"isPartOf\":{\"@id\":\"https:\\\/\\\/www.langzeitmiete-leasing.de\\\/bmw-leasing\\\/2026\\\/09\\\/330e-xdrive-touring-ab-eur-440-8-fach\\\/#webpage\"},\"articleSection\":\"330e, 400, AHK, Allrad, Sportpaket\"},{\"@type\":\"BreadcrumbList\",\"@id\":\"https:\\\/\\\/www.langzeitmiete-leasing.de\\\/bmw-leasing\\\/2026\\\/09\\\/330e-xdrive-touring-ab-eur-440-8-fach\\\/#breadcrumblist\",\"itemListElement\":[{\"@type\":\"ListItem\",\"@id\":\"https:\\\/\\\/www.langzeitmiete-leasing.de\\\/bmw-leasing#listItem\",\"position\":1,\"name\":\"Home\",\"item\":\"https:\\\/\\\/www.langzeitmiete-leasing.de\\\/bmw-leasing\",\"nextItem\":{\"@type\":\"ListItem\",\"@id\":\"https:\\\/\\\/www.langzeitmiete-leasing.de\\\/bmw-leasing\\\/3-er-leasing\\\/#listItem\",\"name\":\"3-er Leasing\"}},{\"@type\":\"ListItem\",\"@id\":\"https:\\\/\\\/www.langzeitmiete-leasing.de\\\/bmw-leasing\\\/3-er-leasing\\\/#listItem\",\"position\":2,\"name\":\"3-er Leasing\",\"item\":\"https:\\\/\\\/www.langzeitmiete-leasing.de\\\/bmw-leasing\\\/3-er-leasing\\\/\",\"nextItem\":{\"@type\":\"ListItem\",\"@id\":\"https:\\\/\\\/www.langzeitmiete-leasing.de\\\/bmw-leasing\\\/3-er-leasing\\\/3-er-touring\\\/#listItem\",\"name\":\"3-er Touring\"},\"previousItem\":{\"@type\":\"ListItem\",\"@id\":\"https:\\\/\\\/www.langzeitmiete-leasing.de\\\/bmw-leasing#listItem\",\"name\":\"Home\"}},{\"@type\":\"ListItem\",\"@id\":\"https:\\\/\\\/www.langzeitmiete-leasing.de\\\/bmw-leasing\\\/3-er-leasing\\\/3-er-touring\\\/#listItem\",\"position\":3,\"name\":\"3-er Touring\",\"item\":\"https:\\\/\\\/www.langzeitmiete-leasing.de\\\/bmw-leasing\\\/3-er-leasing\\\/3-er-touring\\\/\",\"nextItem\":{\"@type\":\"ListItem\",\"@id\":\"https:\\\/\\\/www.langzeitmiete-leasing.de\\\/bmw-leasing\\\/3-er-leasing\\\/3-er-touring\\\/330e-3-er-touring\\\/#listItem\",\"name\":\"330e\"},\"previousItem\":{\"@type\":\"ListItem\",\"@id\":\"https:\\\/\\\/www.langzeitmiete-leasing.de\\\/bmw-leasing\\\/3-er-leasing\\\/#listItem\",\"name\":\"3-er Leasing\"}},{\"@type\":\"ListItem\",\"@id\":\"https:\\\/\\\/www.langzeitmiete-leasing.de\\\/bmw-leasing\\\/3-er-leasing\\\/3-er-touring\\\/330e-3-er-touring\\\/#listItem\",\"position\":4,\"name\":\"330e\",\"item\":\"https:\\\/\\\/www.langzeitmiete-leasing.de\\\/bmw-leasing\\\/3-er-leasing\\\/3-er-touring\\\/330e-3-er-touring\\\/\",\"nextItem\":{\"@type\":\"ListItem\",\"@id\":\"https:\\\/\\\/www.langzeitmiete-leasing.de\\\/bmw-leasing\\\/2026\\\/09\\\/330e-xdrive-touring-ab-eur-440-8-fach\\\/#listItem\",\"name\":\"330e xDrive Touring ab EUR 440 8-fach\"},\"previousItem\":{\"@type\":\"ListItem\",\"@id\":\"https:\\\/\\\/www.langzeitmiete-leasing.de\\\/bmw-leasing\\\/3-er-leasing\\\/3-er-touring\\\/#listItem\",\"name\":\"3-er Touring\"}},{\"@type\":\"ListItem\",\"@id\":\"https:\\\/\\\/www.langzeitmiete-leasing.de\\\/bmw-leasing\\\/2026\\\/09\\\/330e-xdrive-touring-ab-eur-440-8-fach\\\/#listItem\",\"position\":5,\"name\":\"330e xDrive Touring ab EUR 440 8-fach\",\"previousItem\":{\"@type\":\"ListItem\",\"@id\":\"https:\\\/\\\/www.langzeitmiete-leasing.de\\\/bmw-leasing\\\/3-er-leasing\\\/3-er-touring\\\/330e-3-er-touring\\\/#listItem\",\"name\":\"330e\"}}]},{\"@type\":\"Organization\",\"@id\":\"https:\\\/\\\/www.langzeitmiete-leasing.de\\\/bmw-leasing\\\/#organization\",\"name\":\"carbizz Burkhard Peuker\",\"description\":\"BMW Leasing ohne Anzahlung \\u2013 BMW Jahreswagen g\\u00fcnstig leasen\",\"url\":\"https:\\\/\\\/www.langzeitmiete-leasing.de\\\/bmw-leasing\\\/\",\"telephone\":\"+4921616398369\",\"logo\":{\"@type\":\"ImageObject\",\"url\":\"https:\\\/\\\/www.langzeitmiete-leasing.de\\\/bmw-leasing\\\/wp-content\\\/uploads\\\/2020\\\/12\\\/logo_carb_goertz.gif\",\"@id\":\"https:\\\/\\\/www.langzeitmiete-leasing.de\\\/bmw-leasing\\\/2026\\\/09\\\/330e-xdrive-touring-ab-eur-440-8-fach\\\/#organizationLogo\",\"width\":129,\"height\":64},\"image\":{\"@id\":\"https:\\\/\\\/www.langzeitmiete-leasing.de\\\/bmw-leasing\\\/2026\\\/09\\\/330e-xdrive-touring-ab-eur-440-8-fach\\\/#organizationLogo\"}},{\"@type\":\"Person\",\"@id\":\"https:\\\/\\\/www.langzeitmiete-leasing.de\\\/bmw-leasing\\\/author\\\/peukercarbizz-de\\\/#author\",\"url\":\"https:\\\/\\\/www.langzeitmiete-leasing.de\\\/bmw-leasing\\\/author\\\/peukercarbizz-de\\\/\",\"name\":\"peuker@carbizz.de\",\"image\":{\"@type\":\"ImageObject\",\"@id\":\"https:\\\/\\\/www.langzeitmiete-leasing.de\\\/bmw-leasing\\\/2026\\\/09\\\/330e-xdrive-touring-ab-eur-440-8-fach\\\/#authorImage\",\"url\":\"https:\\\/\\\/secure.gravatar.com\\\/avatar\\\/1e3f8b649e752b05225765c70f599de4389b4bdcb91ec40d80814a99f0003612?s=96&d=mm&r=g\",\"width\":96,\"height\":96,\"caption\":\"peuker@carbizz.de\"}},{\"@type\":\"WebPage\",\"@id\":\"https:\\\/\\\/www.langzeitmiete-leasing.de\\\/bmw-leasing\\\/2026\\\/09\\\/330e-xdrive-touring-ab-eur-440-8-fach\\\/#webpage\",\"url\":\"https:\\\/\\\/www.langzeitmiete-leasing.de\\\/bmw-leasing\\\/2026\\\/09\\\/330e-xdrive-touring-ab-eur-440-8-fach\\\/\",\"name\":\"330e xDrive Touring ab EUR 440 8-fach | BMW Leasing ohne Anzahlung\",\"description\":\"BMW Jahreswagen leasen ohne Anzahlung BMW 330e xDrive Touring 8-fach bereift tansanitblau met\\\/Leder vernasca schwarz 02\\\/2025 km 28.450 Anschaffungspreis in EUR 85.760 Leasingsonderzahlung 0 \\u20ac Bereitstellungskosten 0 \\u20ac Laufleistung p.a. 10.000 km Laufzeit 27 Monate \\u00e0 monatliche Leasingraten 439,11 \\u20ac incl. Mwst. Mehrkilometer Cent 12,86 Gesamtbetrag \\u20ac 11.855,97 Ein unverbindliches Leasingbeispiel der BMW Bank GmbH,\",\"inLanguage\":\"de-DE\",\"isPartOf\":{\"@id\":\"https:\\\/\\\/www.langzeitmiete-leasing.de\\\/bmw-leasing\\\/#website\"},\"breadcrumb\":{\"@id\":\"https:\\\/\\\/www.langzeitmiete-leasing.de\\\/bmw-leasing\\\/2026\\\/09\\\/330e-xdrive-touring-ab-eur-440-8-fach\\\/#breadcrumblist\"},\"author\":{\"@id\":\"https:\\\/\\\/www.langzeitmiete-leasing.de\\\/bmw-leasing\\\/author\\\/peukercarbizz-de\\\/#author\"},\"creator\":{\"@id\":\"https:\\\/\\\/www.langzeitmiete-leasing.de\\\/bmw-leasing\\\/author\\\/peukercarbizz-de\\\/#author\"},\"datePublished\":\"2026-09-02T15:41:14+02:00\",\"dateModified\":\"2026-09-02T15:41:14+02:00\"},{\"@type\":\"WebSite\",\"@id\":\"https:\\\/\\\/www.langzeitmiete-leasing.de\\\/bmw-leasing\\\/#website\",\"url\":\"https:\\\/\\\/www.langzeitmiete-leasing.de\\\/bmw-leasing\\\/\",\"name\":\"BMW Leasing ohne Anzahlung\",\"description\":\"BMW Leasing ohne Anzahlung \\u2013 BMW Jahreswagen g\\u00fcnstig leasen\",\"inLanguage\":\"de-DE\",\"publisher\":{\"@id\":\"https:\\\/\\\/www.langzeitmiete-leasing.de\\\/bmw-leasing\\\/#organization\"}}]}\n\t\t<\/script>\n\t\t<!-- All in One SEO -->\n\n","aioseo_head_json":{"title":"330e xDrive Touring ab EUR 440 8-fach | BMW Leasing ohne Anzahlung","description":"BMW Jahreswagen leasen ohne Anzahlung BMW 330e xDrive Touring 8-fach bereift tansanitblau met\/Leder vernasca schwarz 02\/2025 km 28.450 Anschaffungspreis in EUR 85.760 Leasingsonderzahlung 0 \u20ac Bereitstellungskosten 0 \u20ac Laufleistung p.a. 10.000 km Laufzeit 27 Monate \u00e0 monatliche Leasingraten 439,11 \u20ac incl. Mwst. Mehrkilometer Cent 12,86 Gesamtbetrag \u20ac 11.855,97 Ein unverbindliches Leasingbeispiel der BMW Bank GmbH,","canonical_url":"https:\/\/www.langzeitmiete-leasing.de\/bmw-leasing\/2026\/09\/330e-xdrive-touring-ab-eur-440-8-fach\/","robots":"max-image-preview:large","keywords":"","webmasterTools":{"msvalidate.01":"4CF33F50597928A33689C2E3E7CBC8EA","miscellaneous":""},"schema":{"@context":"https:\/\/schema.org","@graph":[{"@type":"Article","@id":"https:\/\/www.langzeitmiete-leasing.de\/bmw-leasing\/2026\/09\/330e-xdrive-touring-ab-eur-440-8-fach\/#article","name":"330e xDrive Touring ab EUR 440 8-fach | BMW Leasing ohne Anzahlung","headline":"330e xDrive Touring ab EUR 440 8-fach","author":{"@id":"https:\/\/www.langzeitmiete-leasing.de\/bmw-leasing\/author\/peukercarbizz-de\/#author"},"publisher":{"@id":"https:\/\/www.langzeitmiete-leasing.de\/bmw-leasing\/#organization"},"image":{"@type":"ImageObject","url":"https:\/\/www.langzeitmiete-leasing.de\/bmw-leasing\/wp-content\/uploads\/2020\/12\/logo_carb_goertz.gif","@id":"https:\/\/www.langzeitmiete-leasing.de\/bmw-leasing\/#articleImage","width":129,"height":64},"datePublished":"2026-09-02T15:41:14+02:00","dateModified":"2026-09-02T15:41:14+02:00","inLanguage":"de-DE","mainEntityOfPage":{"@id":"https:\/\/www.langzeitmiete-leasing.de\/bmw-leasing\/2026\/09\/330e-xdrive-touring-ab-eur-440-8-fach\/#webpage"},"isPartOf":{"@id":"https:\/\/www.langzeitmiete-leasing.de\/bmw-leasing\/2026\/09\/330e-xdrive-touring-ab-eur-440-8-fach\/#webpage"},"articleSection":"330e, 400, AHK, Allrad, Sportpaket"},{"@type":"BreadcrumbList","@id":"https:\/\/www.langzeitmiete-leasing.de\/bmw-leasing\/2026\/09\/330e-xdrive-touring-ab-eur-440-8-fach\/#breadcrumblist","itemListElement":[{"@type":"ListItem","@id":"https:\/\/www.langzeitmiete-leasing.de\/bmw-leasing#listItem","position":1,"name":"Home","item":"https:\/\/www.langzeitmiete-leasing.de\/bmw-leasing","nextItem":{"@type":"ListItem","@id":"https:\/\/www.langzeitmiete-leasing.de\/bmw-leasing\/3-er-leasing\/#listItem","name":"3-er Leasing"}},{"@type":"ListItem","@id":"https:\/\/www.langzeitmiete-leasing.de\/bmw-leasing\/3-er-leasing\/#listItem","position":2,"name":"3-er Leasing","item":"https:\/\/www.langzeitmiete-leasing.de\/bmw-leasing\/3-er-leasing\/","nextItem":{"@type":"ListItem","@id":"https:\/\/www.langzeitmiete-leasing.de\/bmw-leasing\/3-er-leasing\/3-er-touring\/#listItem","name":"3-er Touring"},"previousItem":{"@type":"ListItem","@id":"https:\/\/www.langzeitmiete-leasing.de\/bmw-leasing#listItem","name":"Home"}},{"@type":"ListItem","@id":"https:\/\/www.langzeitmiete-leasing.de\/bmw-leasing\/3-er-leasing\/3-er-touring\/#listItem","position":3,"name":"3-er Touring","item":"https:\/\/www.langzeitmiete-leasing.de\/bmw-leasing\/3-er-leasing\/3-er-touring\/","nextItem":{"@type":"ListItem","@id":"https:\/\/www.langzeitmiete-leasing.de\/bmw-leasing\/3-er-leasing\/3-er-touring\/330e-3-er-touring\/#listItem","name":"330e"},"previousItem":{"@type":"ListItem","@id":"https:\/\/www.langzeitmiete-leasing.de\/bmw-leasing\/3-er-leasing\/#listItem","name":"3-er Leasing"}},{"@type":"ListItem","@id":"https:\/\/www.langzeitmiete-leasing.de\/bmw-leasing\/3-er-leasing\/3-er-touring\/330e-3-er-touring\/#listItem","position":4,"name":"330e","item":"https:\/\/www.langzeitmiete-leasing.de\/bmw-leasing\/3-er-leasing\/3-er-touring\/330e-3-er-touring\/","nextItem":{"@type":"ListItem","@id":"https:\/\/www.langzeitmiete-leasing.de\/bmw-leasing\/2026\/09\/330e-xdrive-touring-ab-eur-440-8-fach\/#listItem","name":"330e xDrive Touring ab EUR 440 8-fach"},"previousItem":{"@type":"ListItem","@id":"https:\/\/www.langzeitmiete-leasing.de\/bmw-leasing\/3-er-leasing\/3-er-touring\/#listItem","name":"3-er Touring"}},{"@type":"ListItem","@id":"https:\/\/www.langzeitmiete-leasing.de\/bmw-leasing\/2026\/09\/330e-xdrive-touring-ab-eur-440-8-fach\/#listItem","position":5,"name":"330e xDrive Touring ab EUR 440 8-fach","previousItem":{"@type":"ListItem","@id":"https:\/\/www.langzeitmiete-leasing.de\/bmw-leasing\/3-er-leasing\/3-er-touring\/330e-3-er-touring\/#listItem","name":"330e"}}]},{"@type":"Organization","@id":"https:\/\/www.langzeitmiete-leasing.de\/bmw-leasing\/#organization","name":"carbizz Burkhard Peuker","description":"BMW Leasing ohne Anzahlung \u2013 BMW Jahreswagen g\u00fcnstig leasen","url":"https:\/\/www.langzeitmiete-leasing.de\/bmw-leasing\/","telephone":"+4921616398369","logo":{"@type":"ImageObject","url":"https:\/\/www.langzeitmiete-leasing.de\/bmw-leasing\/wp-content\/uploads\/2020\/12\/logo_carb_goertz.gif","@id":"https:\/\/www.langzeitmiete-leasing.de\/bmw-leasing\/2026\/09\/330e-xdrive-touring-ab-eur-440-8-fach\/#organizationLogo","width":129,"height":64},"image":{"@id":"https:\/\/www.langzeitmiete-leasing.de\/bmw-leasing\/2026\/09\/330e-xdrive-touring-ab-eur-440-8-fach\/#organizationLogo"}},{"@type":"Person","@id":"https:\/\/www.langzeitmiete-leasing.de\/bmw-leasing\/author\/peukercarbizz-de\/#author","url":"https:\/\/www.langzeitmiete-leasing.de\/bmw-leasing\/author\/peukercarbizz-de\/","name":"peuker@carbizz.de","image":{"@type":"ImageObject","@id":"https:\/\/www.langzeitmiete-leasing.de\/bmw-leasing\/2026\/09\/330e-xdrive-touring-ab-eur-440-8-fach\/#authorImage","url":"https:\/\/secure.gravatar.com\/avatar\/1e3f8b649e752b05225765c70f599de4389b4bdcb91ec40d80814a99f0003612?s=96&d=mm&r=g","width":96,"height":96,"caption":"peuker@carbizz.de"}},{"@type":"WebPage","@id":"https:\/\/www.langzeitmiete-leasing.de\/bmw-leasing\/2026\/09\/330e-xdrive-touring-ab-eur-440-8-fach\/#webpage","url":"https:\/\/www.langzeitmiete-leasing.de\/bmw-leasing\/2026\/09\/330e-xdrive-touring-ab-eur-440-8-fach\/","name":"330e xDrive Touring ab EUR 440 8-fach | BMW Leasing ohne Anzahlung","description":"BMW Jahreswagen leasen ohne Anzahlung BMW 330e xDrive Touring 8-fach bereift tansanitblau met\/Leder vernasca schwarz 02\/2025 km 28.450 Anschaffungspreis in EUR 85.760 Leasingsonderzahlung 0 \u20ac Bereitstellungskosten 0 \u20ac Laufleistung p.a. 10.000 km Laufzeit 27 Monate \u00e0 monatliche Leasingraten 439,11 \u20ac incl. Mwst. Mehrkilometer Cent 12,86 Gesamtbetrag \u20ac 11.855,97 Ein unverbindliches Leasingbeispiel der BMW Bank GmbH,","inLanguage":"de-DE","isPartOf":{"@id":"https:\/\/www.langzeitmiete-leasing.de\/bmw-leasing\/#website"},"breadcrumb":{"@id":"https:\/\/www.langzeitmiete-leasing.de\/bmw-leasing\/2026\/09\/330e-xdrive-touring-ab-eur-440-8-fach\/#breadcrumblist"},"author":{"@id":"https:\/\/www.langzeitmiete-leasing.de\/bmw-leasing\/author\/peukercarbizz-de\/#author"},"creator":{"@id":"https:\/\/www.langzeitmiete-leasing.de\/bmw-leasing\/author\/peukercarbizz-de\/#author"},"datePublished":"2026-09-02T15:41:14+02:00","dateModified":"2026-09-02T15:41:14+02:00"},{"@type":"WebSite","@id":"https:\/\/www.langzeitmiete-leasing.de\/bmw-leasing\/#website","url":"https:\/\/www.langzeitmiete-leasing.de\/bmw-leasing\/","name":"BMW Leasing ohne Anzahlung","description":"BMW Leasing ohne Anzahlung \u2013 BMW Jahreswagen g\u00fcnstig leasen","inLanguage":"de-DE","publisher":{"@id":"https:\/\/www.langzeitmiete-leasing.de\/bmw-leasing\/#organization"}}]},"og:locale":"de_DE","og:site_name":"BMW Leasing ohne Anzahlung | BMW Leasing ohne Anzahlung \u2013 BMW Jahreswagen g\u00fcnstig leasen","og:type":"article","og:title":"330e xDrive Touring ab EUR 440 8-fach | BMW Leasing ohne Anzahlung","og:description":"BMW Jahreswagen leasen ohne Anzahlung BMW 330e xDrive Touring 8-fach bereift tansanitblau met\/Leder vernasca schwarz 02\/2025 km 28.450 Anschaffungspreis in EUR 85.760 Leasingsonderzahlung 0 \u20ac Bereitstellungskosten 0 \u20ac Laufleistung p.a. 10.000 km Laufzeit 27 Monate \u00e0 monatliche Leasingraten 439,11 \u20ac incl. Mwst. Mehrkilometer Cent 12,86 Gesamtbetrag \u20ac 11.855,97 Ein unverbindliches Leasingbeispiel der BMW Bank GmbH,","og:url":"https:\/\/www.langzeitmiete-leasing.de\/bmw-leasing\/2026\/09\/330e-xdrive-touring-ab-eur-440-8-fach\/","article:published_time":"2026-09-02T13:41:14+00:00","article:modified_time":"2026-09-02T13:41:14+00:00","twitter:card":"summary","twitter:title":"330e xDrive Touring ab EUR 440 8-fach | BMW Leasing ohne Anzahlung","twitter:description":"BMW Jahreswagen leasen ohne Anzahlung BMW 330e xDrive Touring 8-fach bereift tansanitblau met\/Leder vernasca schwarz 02\/2025 km 28.450 Anschaffungspreis in EUR 85.760 Leasingsonderzahlung 0 \u20ac Bereitstellungskosten 0 \u20ac Laufleistung p.a. 10.000 km Laufzeit 27 Monate \u00e0 monatliche Leasingraten 439,11 \u20ac incl. Mwst. Mehrkilometer Cent 12,86 Gesamtbetrag \u20ac 11.855,97 Ein unverbindliches Leasingbeispiel der BMW Bank GmbH,"},"aioseo_meta_data":{"post_id":"7422","title":null,"description":null,"keywords":null,"keyphrases":{"focus":{"keyphrase":"","score":0,"analysis":{"keyphraseInTitle":{"score":0,"maxScore":9,"error":1}}},"additional":[]},"primary_term":null,"canonical_url":null,"og_title":null,"og_description":null,"og_object_type":"default","og_image_type":"default","og_image_url":null,"og_image_width":null,"og_image_height":null,"og_image_custom_url":null,"og_image_custom_fields":null,"og_video":"","og_custom_url":null,"og_article_section":null,"og_article_tags":null,"twitter_use_og":false,"twitter_card":"default","twitter_image_type":"default","twitter_image_url":null,"twitter_image_custom_url":null,"twitter_image_custom_fields":null,"twitter_title":null,"twitter_description":null,"schema":{"blockGraphs":[],"customGraphs":[],"default":{"data":{"Article":[],"Course":[],"Dataset":[],"FAQPage":[],"Movie":[],"Person":[],"Product":[],"ProductReview":[],"Car":[],"Recipe":[],"Service":[],"SoftwareApplication":[],"WebPage":[]},"graphName":"Article","isEnabled":true},"graphs":[]},"schema_type":"default","schema_type_options":null,"pillar_content":false,"robots_default":true,"robots_noindex":false,"robots_noarchive":false,"robots_nosnippet":false,"robots_nofollow":false,"robots_noimageindex":false,"robots_noodp":false,"robots_notranslate":false,"robots_max_snippet":"-1","robots_max_videopreview":"-1","robots_max_imagepreview":"large","priority":null,"frequency":"default","location":null,"local_seo":null,"seo_analyzer_scan_date":null,"breadcrumb_settings":null,"limit_modified_date":false,"open_ai":null,"ai":{"faqs":[],"keyPoints":[],"schemas":[],"titles":[],"descriptions":[],"socialPosts":{"email":{"subject":"","preview":"","content":""},"linkedin":[],"twitter":[],"facebook":[],"instagram":[]}},"created":"2026-09-02 13:37:30","updated":"2026-09-02 14:14:16","focus_keyword":null,"additional_keywords":null,"truseo_locale":null},"_links":{"self":[{"href":"https:\/\/www.langzeitmiete-leasing.de\/bmw-leasing\/wp-json\/wp\/v2\/posts\/7422","targetHints":{"allow":["GET"]}}],"collection":[{"href":"https:\/\/www.langzeitmiete-leasing.de\/bmw-leasing\/wp-json\/wp\/v2\/posts"}],"about":[{"href":"https:\/\/www.langzeitmiete-leasing.de\/bmw-leasing\/wp-json\/wp\/v2\/types\/post"}],"author":[{"embeddable":true,"href":"https:\/\/www.langzeitmiete-leasing.de\/bmw-leasing\/wp-json\/wp\/v2\/users\/1"}],"replies":[{"embeddable":true,"href":"https:\/\/www.langzeitmiete-leasing.de\/bmw-leasing\/wp-json\/wp\/v2\/comments?post=7422"}],"version-history":[{"count":1,"href":"https:\/\/www.langzeitmiete-leasing.de\/bmw-leasing\/wp-json\/wp\/v2\/posts\/7422\/revisions"}],"predecessor-version":[{"id":7423,"href":"https:\/\/www.langzeitmiete-leasing.de\/bmw-leasing\/wp-json\/wp\/v2\/posts\/7422\/revisions\/7423"}],"wp:attachment":[{"href":"https:\/\/www.langzeitmiete-leasing.de\/bmw-leasing\/wp-json\/wp\/v2\/media?parent=7422"}],"wp:term":[{"taxonomy":"category","embeddable":true,"href":"https:\/\/www.langzeitmiete-leasing.de\/bmw-leasing\/wp-json\/wp\/v2\/categories?post=7422"},{"taxonomy":"post_tag","embeddable":true,"href":"https:\/\/www.langzeitmiete-leasing.de\/bmw-leasing\/wp-json\/wp\/v2\/tags?post=7422"}],"curies":[{"name":"wp","href":"https:\/\/api.w.org\/{rel}","templated":true}]}}