{"id":5958,"date":"2026-03-12T18:13:50","date_gmt":"2026-03-12T17:13:50","guid":{"rendered":"https:\/\/www.langzeitmiete-leasing.de\/bmw-leasing\/?p=5958"},"modified":"2026-03-12T18:13:50","modified_gmt":"2026-03-12T17:13:50","slug":"318i-touring-ab-eur-330-8-fach","status":"publish","type":"post","link":"https:\/\/www.langzeitmiete-leasing.de\/bmw-leasing\/2026\/03\/318i-touring-ab-eur-330-8-fach\/","title":{"rendered":"318i Touring ab EUR 330 8-fach"},"content":{"rendered":"<p>BMW JaWa Leasing ohne Anzahlung<\/p>\n<p>BMW 318i Touring 8-fach bereift<\/p>\n<p>skyscraper grau \/sensatec perforiert schwarz<br \/>\n10\/2024 km 14.628<\/p>\n<p>Anschaffungspreis in EUR \t37.399<br \/>\nLeasingsonderzahlung \t0 \u20ac<br \/>\nBereitstellungskosten   0 \u20ac<br \/>\nLaufleistung p.a. \t10.000 km<br \/>\nLaufzeit \t<strong>42<\/strong> Monate<br \/>\n\u00e0 monatliche Leasingraten <strong>330,02 \u20ac incl. Mwst. <\/strong><br \/>\nMehrkilometer Cent 9,21<br \/>\nGesamtbetrag \t13.860,84 \u20ac <\/p>\n<div><span style=\"font-size: small;\">Ein unverbindliches Leasingbeispiel der BMW Bank GmbH, Lilienthalallee 26, 80939 M\u00fcnchen; alle Preise <strong>inkl.<\/strong> MwSt.19%; Stand 03\/2026.<br \/>\nIst der Leasingnehmer Verbraucher, besteht nach Vertragsschluss ein gesetzliches Widerrufsrecht.<br \/>\nNach den Leasingbedingungen besteht die Verpflichtung, f\u00fcr das Fahrzeug eine Vollkaskoversicherung abzuschlie\u00dfen.<\/span><\/div>\n<p><strong>Ausstattung&#8230;..<\/strong><br \/>\n<!--more--><\/p>\n<p>17&#8243; LMR V-Speiche 778<br \/>\nAutomatic Getriebe mit Schaltwippen<br \/>\nReifendruck-Kontrolle<br \/>\nSport-Lenkrad<br \/>\nAlarmanlage<br \/>\nKomfortzugang<br \/>\nAnh\u00e4ngerkupplung mit schwenkbarem Kugelk<br \/>\nM Dachreling Hochglanz Shadow Line<br \/>\nGep\u00e4ckraumpaket<br \/>\nInnen- und Au\u00dfenspiegelpaket<br \/>\nInnenspiegel automatisch abblendend<br \/>\nSitzverstellung. elektrisch mit Memory f<br \/>\nSportsitze f\u00fcr Fahrer und Beifahrer<br \/>\nLordosenst\u00fctze f\u00fcr Fahrer und Beifahrer<br \/>\nAblagenpaket<br \/>\nSitzheizung f\u00fcr Fahrer und Beifahrer<br \/>\nM Dachreling Hochglanz Shadow Line<br \/>\nAmbientes Licht<br \/>\nKlimaautomatik<br \/>\nAdaptiver LED-Scheinwerfer<br \/>\nFernlichtassistent<br \/>\nActive Guard Plus<br \/>\nDriving Assistant Professional<br \/>\nDeaktivierung Beifahrerairbag<br \/>\nFondkopfst\u00fctzen klappbar<br \/>\nParking Assistant Plus<br \/>\nDAB-Tuner<br \/>\nTeleservices<br \/>\nGesetzlicher Notruf<br \/>\nConnectedDrive Services<br \/>\nConnected Package Professional<br \/>\nAblage f\u00fcr Wireless Charging<br \/>\nPersonal eSIM<br \/>\nBMW Live Cockpit Professional<br \/>\nInterne Steuerung<br \/>\nM Hochglanz Shadow Line<br \/>\nInnovationspaket<br \/>\nComfort Paket<br \/>\n8-fach bereift<br \/>\nAktiver Fussg\u00e4ngerschutz<br \/>\nEhem. unverb. Nettolistenpreis EUR51.588,00 zzgl. MWST ab Wer-<br \/>\nkinkl. Sonderausstattung<\/p>\n<h5><a href=\"https:\/\/www.carbizz.de\/bmw-leasing-ohne-anzahlung\/\" target=\"_blank\" rel=\"noopener noreferrer\">BMW Leasing ohne Anzahlung<\/a>-Leasing ohne Restwertrisiko<\/h5>\n<p><strong>Erkundigen Sie sich auch nach den g\u00fcnstigen Wartungs- und Versicherungspauschalen!<\/strong><\/p>\n<p>Es gelten drei Jahre Herstellergarantie ab Tag der Erstzulassung und zzgl. <a href=\"https:\/\/www.langzeitmiete-leasing.de\/bmw-leasing\/zweijaehrige-garantieverlaengerung\/\" target=\"_blank\" rel=\"noopener noreferrer\">zwei Jahre Garantieverl\u00e4ngerung<\/a><\/p>\n<p>reines <a href=\"https:\/\/www.langzeitmiete-leasing.de\/bmw-leasing\/kilometerleasing\/\" target=\"_blank\" rel=\"noopener noreferrer\">Kilometerleasing<\/a>!<\/p>\n<p>BMW Leasing ohne Anzahlung-attraktive Jahreswagen zu Traum Konditionen-<br \/>\nSie w\u00fcnschen eine Anzahlung-einfach in das Kontaktformular Ihren Wunschbetrag eintragen, wir senden Ihnen Ihr pers\u00f6nliches Angebot zu!<\/p>\n<p>interne Nummer: E2177<\/p>\n\n<div class=\"wpcf7 no-js\" id=\"wpcf7-f38-o1\" lang=\"de-DE\" dir=\"ltr\" data-wpcf7-id=\"38\">\n<div class=\"screen-reader-response\"><p role=\"status\" aria-live=\"polite\" aria-atomic=\"true\"><\/p> <ul><\/ul><\/div>\n<form action=\"\/bmw-leasing\/wp-json\/wp\/v2\/posts\/5958#wpcf7-f38-o1\" method=\"post\" class=\"wpcf7-form init wpcf7-acceptance-as-validation\" aria-label=\"Kontaktformular\" novalidate=\"novalidate\" data-status=\"init\">\n<fieldset class=\"hidden-fields-container\"><input type=\"hidden\" name=\"_wpcf7\" value=\"38\" \/><input type=\"hidden\" name=\"_wpcf7_version\" value=\"6.1.5\" \/><input type=\"hidden\" name=\"_wpcf7_locale\" value=\"de_DE\" \/><input type=\"hidden\" name=\"_wpcf7_unit_tag\" value=\"wpcf7-f38-o1\" \/><input type=\"hidden\" name=\"_wpcf7_container_post\" value=\"0\" \/><input type=\"hidden\" name=\"_wpcf7_posted_data_hash\" value=\"\" \/>\n<\/fieldset>\n<p><label> Ihr Name<br \/>\n<span class=\"wpcf7-form-control-wrap\" data-name=\"your-name\"><input size=\"40\" maxlength=\"400\" class=\"wpcf7-form-control wpcf7-text wpcf7-validates-as-required\" aria-required=\"true\" aria-invalid=\"false\" value=\"\" type=\"text\" name=\"your-name\" \/><\/span> <\/label>\n<\/p>\n<p><label> Ihre E-Mail-Adresse<br \/>\n<span class=\"wpcf7-form-control-wrap\" data-name=\"your-email\"><input size=\"40\" maxlength=\"400\" class=\"wpcf7-form-control wpcf7-email wpcf7-validates-as-required wpcf7-text wpcf7-validates-as-email\" aria-required=\"true\" aria-invalid=\"false\" value=\"\" type=\"email\" name=\"your-email\" \/><\/span> <\/label>\n<\/p>\n<p><label> Ihre Rufnummer<br \/>\n<span class=\"wpcf7-form-control-wrap\" data-name=\"IhreTelefonnummer\"><input size=\"40\" maxlength=\"400\" class=\"wpcf7-form-control wpcf7-text\" aria-invalid=\"false\" value=\"Festnetz\/ mobil\" type=\"text\" name=\"IhreTelefonnummer\" \/><\/span><br \/>\n<\/label><br \/>\n<label>Ihre Jahreslaufleistung<br \/>\n<span class=\"wpcf7-form-control-wrap\" data-name=\"IhreKilometerlaufleistungJahr\"><input size=\"40\" maxlength=\"400\" class=\"wpcf7-form-control wpcf7-text\" aria-invalid=\"false\" value=\"\" type=\"text\" name=\"IhreKilometerlaufleistungJahr\" \/><\/span><br \/>\n<\/label><br \/>\n<label>Ihre gew\u00fcnschte Leasingdauer<br \/>\n<span class=\"wpcf7-form-control-wrap\" data-name=\"gewnschteLaufzeit\"><input size=\"40\" maxlength=\"400\" class=\"wpcf7-form-control wpcf7-text\" aria-invalid=\"false\" value=\"24 36 oder 42 Monate\" type=\"text\" name=\"gewnschteLaufzeit\" \/><\/span><br \/>\n<\/label><br \/>\n<span class=\"wpcf7-form-control-wrap\" data-name=\"bernahme\"><input size=\"40\" maxlength=\"400\" class=\"wpcf7-form-control wpcf7-text\" aria-invalid=\"false\" value=\"Datum der \u00dcbernahme\" type=\"text\" name=\"bernahme\" \/><\/span><br \/>\n<br \/>\n<label> Ihre Nachricht (optional)<br \/>\n<span class=\"wpcf7-form-control-wrap\" data-name=\"your-message\"><textarea cols=\"40\" rows=\"10\" maxlength=\"2000\" class=\"wpcf7-form-control wpcf7-textarea\" aria-invalid=\"false\" name=\"your-message\"><\/textarea><\/span> <\/label>\n<\/p>\n<p><span class=\"wpcf7-form-control-wrap\" data-name=\"Zustimmung\"><span class=\"wpcf7-form-control wpcf7-acceptance\"><span class=\"wpcf7-list-item\"><label><input type=\"checkbox\" name=\"Zustimmung\" value=\"1\" aria-invalid=\"false\" \/><span class=\"wpcf7-list-item-label\">(Wichtig, <b>Haken setzen<\/b>-sonst funftioniert das Formular nicht)Ich stimmen zu, dass meine Angaben aus dem Formular zur Beantwortung meiner Anfrage erhoben und verarbeitet werden. Die Daten werden f\u00fcr 10 Jahre gespeichert oder auf Wunsch gel\u00f6scht, Sie k\u00f6nnen Ihre Einwilligung jederzeit f\u00fcr die Zukunft per Mail an info@langzeitmiete-leasing.de widerrufen. Weitere Informationen finden Sie in unserer <a href=\"https:\/\/www.langzeitmiete-leasing.de\/bmw-leasing\/datenschutz\/\">Datenschutzerkl\u00e4rung<\/><\/span><\/label><\/span><\/span><\/span>\n<\/p>\n<p><input class=\"wpcf7-form-control wpcf7-submit has-spinner\" type=\"submit\" value=\"Senden\" \/>\n<\/p><input type='hidden' class='wpcf7-pum' value='{\"closepopup\":false,\"closedelay\":0,\"openpopup\":false,\"openpopup_id\":0}' \/><div class=\"wpcf7-response-output\" aria-hidden=\"true\"><\/div>\n<\/form>\n<\/div>\n\n<p>BMW Leasing ohne Anzahlung  BMW Jungwagen als <a href=\"https:\/\/www.langzeitmiete-leasing.de\/bmw-leasing\/bmw-leasing-ohne-anzahlung\/kilometerleasing\/\">Kilometerleasing<\/a> ohne Restwertrisiko mit zweij\u00e4hriger sorgloser Garantieverl\u00e4ngerung <\/p>\n","protected":false},"excerpt":{"rendered":"<p>BMW JaWa Leasing ohne Anzahlung BMW 318i Touring 8-fach bereift skyscraper grau \/sensatec perforiert schwarz 10\/2024 km 14.628 Anschaffungspreis in EUR 37.399 Leasingsonderzahlung 0 \u20ac Bereitstellungskosten 0 \u20ac Laufleistung p.a. 10.000 km Laufzeit 42 Monate \u00e0 monatliche Leasingraten 330,02 \u20ac incl. Mwst. Mehrkilometer Cent 9,21 Gesamtbetrag 13.860,84 \u20ac Ein unverbindliches Leasingbeispiel der BMW Bank GmbH, &hellip; <a href=\"https:\/\/www.langzeitmiete-leasing.de\/bmw-leasing\/2026\/03\/318i-touring-ab-eur-330-8-fach\/\" class=\"more-link\"><span class=\"screen-reader-text\">318i Touring ab EUR 330 8-fach<\/span> weiterlesen<\/a><\/p>\n","protected":false},"author":1,"featured_media":0,"comment_status":"closed","ping_status":"open","sticky":false,"template":"","format":"standard","meta":{"footnotes":""},"categories":[107],"tags":[10,6],"class_list":["post-5958","post","type-post","status-publish","format-standard","hentry","category-318i","tag-10","tag-ahk"],"aioseo_notices":[],"_links":{"self":[{"href":"https:\/\/www.langzeitmiete-leasing.de\/bmw-leasing\/wp-json\/wp\/v2\/posts\/5958","targetHints":{"allow":["GET"]}}],"collection":[{"href":"https:\/\/www.langzeitmiete-leasing.de\/bmw-leasing\/wp-json\/wp\/v2\/posts"}],"about":[{"href":"https:\/\/www.langzeitmiete-leasing.de\/bmw-leasing\/wp-json\/wp\/v2\/types\/post"}],"author":[{"embeddable":true,"href":"https:\/\/www.langzeitmiete-leasing.de\/bmw-leasing\/wp-json\/wp\/v2\/users\/1"}],"replies":[{"embeddable":true,"href":"https:\/\/www.langzeitmiete-leasing.de\/bmw-leasing\/wp-json\/wp\/v2\/comments?post=5958"}],"version-history":[{"count":1,"href":"https:\/\/www.langzeitmiete-leasing.de\/bmw-leasing\/wp-json\/wp\/v2\/posts\/5958\/revisions"}],"predecessor-version":[{"id":5959,"href":"https:\/\/www.langzeitmiete-leasing.de\/bmw-leasing\/wp-json\/wp\/v2\/posts\/5958\/revisions\/5959"}],"wp:attachment":[{"href":"https:\/\/www.langzeitmiete-leasing.de\/bmw-leasing\/wp-json\/wp\/v2\/media?parent=5958"}],"wp:term":[{"taxonomy":"category","embeddable":true,"href":"https:\/\/www.langzeitmiete-leasing.de\/bmw-leasing\/wp-json\/wp\/v2\/categories?post=5958"},{"taxonomy":"post_tag","embeddable":true,"href":"https:\/\/www.langzeitmiete-leasing.de\/bmw-leasing\/wp-json\/wp\/v2\/tags?post=5958"}],"curies":[{"name":"wp","href":"https:\/\/api.w.org\/{rel}","templated":true}]}}